{"id":143630,"date":"2026-01-07T19:09:05","date_gmt":"2026-01-07T19:09:05","guid":{"rendered":"https:\/\/cenb.org.br\/?p=143630"},"modified":"2026-04-29T17:06:56","modified_gmt":"2026-04-29T17:06:56","slug":"coloquios-2026","status":"publish","type":"post","link":"https:\/\/cenb.org.br\/pt\/information\/coloquios-2026\/","title":{"rendered":"Estudos Nipo-Brasileiros: suas m\u00faltiplas faces e dimens\u00f5es pluriculturais"},"content":{"rendered":"<p>O Programa de P\u00f3s-gradua\u00e7\u00e3o em L\u00edngua, Literatura e Cultura Japonesa da Universidade de S\u00e3o Paulo em parceria com o Centro de Estudos Nipo-Brasileiros, um tradicional centro de pesquisas fundada por imigrantes japoneses, promove o ciclo de col\u00f3quios <strong><em>Estudos Nipo-Brasileiros<\/em><\/strong>:<strong><em> suas m\u00faltiplas faces<\/em> <em>e dimens\u00f5es pluriculturais <\/em><\/strong>ao longo do ano de 2026<em>.<\/em><\/p>\n\n\n\n<p>A ideia nasceu do intuito de organizar trabalhos pulverizados dentro e fora do pa\u00eds, com destaque \u00e0 di\u00e1spora japonesa, com foco em estudos nipo-brasileiros partindo da perspectiva brasileira, desenvolvidos em diversos programas de p\u00f3s-gradua\u00e7\u00e3o. Essa produ\u00e7\u00e3o difusa quando organizado no conjunto permite visibilizar a real demanda existente no horizonte das pesquisas. Assim sendo, esse l\u00f3cus institucional constitui-se num importante espa\u00e7o para fortalecimento desse pensamento cr\u00edtico e convite para novas perspectivas de pesquisa.<\/p>\n\n\n\n<p>Cada encontro trar\u00e1 um tema diferente e ser\u00e1 conduzido por pesquisadores nacionais e do exterior na modalidade online s\u00edncrona, todas as segundas ter\u00e7as-feiras do m\u00eas, das 19h \u00e0s 20h. Convidamos a todos os interessados para fazer desse col\u00f3quio um espa\u00e7o de reflex\u00e3o e troca de aprendizados m\u00fatuos.<\/p>\n\n\n\n<p>Inscreva-se em <a href=\"https:\/\/forms.gle\/ttG41eUJmGqKtixA7\" target=\"_blank\" rel=\"noopener\">https:\/\/forms.gle\/ttG41eUJmGqKtixA7<\/a> para receber o link da videochamada.<\/p>\n\n\n\n<p>Os temas e palestrantes seguem abaixo, podendo haver algumas altera\u00e7\u00f5es:<\/p>\n\n\n\n<p>13 de janeiro \u2013 Sayaka Nakanishi Ikeuti, mestre pelo PPG-LLCJ-USP, <strong><em>Hist\u00f3ria da imigra\u00e7\u00e3o japonesa em Tom\u00e9-A\u00e7u: Do ponto de vista das esposas imigrantes japonesas.<\/em><\/strong><\/p>\n\n\n\n<p>10 de fevereiro \u2013 Minoru Uchigasaki, professor da Secretaria da Educa\u00e7\u00e3o do Estado do Amazonas e pesquisador doutor independente. <strong><em>A pol\u00edtica migrat\u00f3ria nipo-brasileira no Amazonas na primeira metade do s\u00e9culo XX.<\/em><\/strong><\/p>\n\n\n\n<p>10 de mar\u00e7o \u2013 Lara Nishimura, mestranda no PPG-LLCJ-USP e ex-bolsista do CENB, &nbsp;<strong><em>Comida e mem\u00f3ria para a comunidade nipo-brasileira<\/em><\/strong><\/p>\n\n\n\n<p>14 de abril \u2013 Linda Nishikido, doutoranda e professora da Universidade Federal do Amazonas, <strong><em>Bon Odori na Comunidade Asahi: ritos sagrados e profanos.<\/em><\/strong><\/p>\n\n\n\n<p>12 de maio \u2013 Takashi Yamanishi, professor e mestrando no PPG-LLCJ-USP, <strong><em>Koronia Man\u2019y\u014dsh\u016b e a Vida do Imigrante<\/em><\/strong><\/p>\n\n\n\n<p>09 de junho &#8211; Richard Andr\u00e9, professor doutor do Departamento de Hist\u00f3ria e do Programa de P\u00f3s-Gradua\u00e7\u00e3o em Hist\u00f3ria Social da Universidade Estadual de Londrina, <strong><em>Manifesta\u00e7\u00f5es do Budismo nacionalista no Brasil: o caso do Templo Sh\u014dshinji em Assa\u00ed (PR) (1939-1951)<\/em><\/strong><\/p>\n\n\n\n<p>14 de julho \u2013 Leonardo Arantes, professor e mestre pelo PPG-LLCJ-USP, <strong><em>Dial\u00f3gica Intercultural e Reescritura de Mitos: A Literatura Digital Japonesa como Estrat\u00e9gia Pedag\u00f3gica no Ensino de L2<\/em><\/strong><\/p>\n\n\n\n<p>11 de agosto &#8211; Ruchia Uchigasaki, professora doutora e pesquisadora da Universidade Federal do Amazonas, <strong><em>A compet\u00eancia pluril\u00edngue e a consci\u00eancia lingu\u00edstica de jovens nipobrasileiros com experi\u00eancia de mobilidade Jap\u00e3o &#8211; Brasil<\/em><\/strong><\/p>\n\n\n\n<p>08 de setembro \u2013 Luisa Yoneko Tayra Teruya, mestre pelo PPG-LLCJ-USP, <strong><em>100 anos da Ky\u00fbyo Ky\u00f4kai \u2013 A comunidade okinawana no pr\u00e9-guerra<\/em><\/strong><\/p>\n\n\n\n<p>13 de outubro \u2013 Fumitaka Iwanami, professor doutor e pesquisador na Komazawa University, Jap\u00e3o, <strong><em>Heran\u00e7a da cultura alimentar e neg\u00f3cios na \u00e1rea aliment\u00edcia <\/em>(<\/strong><strong>\u65e5\u672c\u6587\u5316\u7d99\u627f\u3068\u98df\u30d3\u30b8\u30cd\u30b9)<\/strong><\/p>\n\n\n\n<p>10 de novembro \u2013 Yoko Kino, professora doutora e pesquisadora da T\u00f4y\u00f4 University, Jap\u00e3o, <strong><em>As possibilidades de uma nova era da Col\u00f4nia Nipo-Brasileira: da coer\u00eancia sangu\u00ednea para intercompreens\u00e3o cultural <\/em>( <\/strong><strong>\u65b0\u6642\u4ee3\u306e\u65e5\u7cfb\u30b3\u30ed\u30cb\u30a2\u306e\u53ef\u80fd\u6027-<\/strong><strong>\u8840\u306e\u7d50\u675f\u304b\u3089\u6587\u5316\u7406\u89e3\u3078)<\/strong><strong><em><\/em><\/strong><\/p>\n\n\n\n<p>08 de dezembro \u2013 Leiko Matsubara Morales, professora doutora e pesquisadora do Programa de P\u00f3s-gradua\u00e7\u00e3o em L\u00edngua, Literatura e Cultura Japonesa da USP, <strong><em>Da L\u00edngua de Heran\u00e7a para a L\u00edngua dos Ancestrais: dimens\u00e3o pluricultural e novas tend\u00eancias de abordagens de ensino-aprendizagem<\/em><\/strong><\/p>\n\n\n\n<p>Esperamos por voc\u00ea!<\/p>\n\n\n\n<p>Atenciosamente,<\/p>\n\n\n\n<p>Programa de P\u00f3s-Gradua\u00e7\u00e3o em L\u00edngua, Literatura e Cultura Japonesa (USP)<\/p>\n\n\n\n<p>Centro de Estudos Nipo-Brasileiros<\/p>\n\n\n\n<div class=\"gspb_button_wrapper gspb_button-id-gsbp-c785155\" id=\"gspb_button-id-gsbp-c785155\"><a class=\"wp-block-greenshift-blocks-buttonbox gspb-buttonbox wp-element-button\" href=\"https:\/\/forms.gle\/RA3K8jAfd62vZGVk6\" target=\"_blank\" rel=\"noopener\"><span class=\"gspb-buttonbox-textwrap\"><span class=\"gspb-buttonbox-text\"><span class=\"gspb-buttonbox-title\">Clique para se inscrever<\/span><\/span><\/span><\/a><\/div>\n\n\n\n<figure class=\"wp-block-image\"><img decoding=\"async\" src=\"https:\/\/cenb.org.br\/wp-content\/uploads\/2026\/01\/1-819x1024.jpg\" alt=\"\u73fe\u5728\u306e\u753b\u50cf\u306b\u4ee3\u66ff\u30c6\u30ad\u30b9\u30c8\u304c\u3042\u308a\u307e\u305b\u3093\u3002\u30d5\u30a1\u30a4\u30eb\u540d: 1.jpg\"\/><\/figure>","protected":false},"excerpt":{"rendered":"<p>O Programa de P\u00f3s-gradua\u00e7\u00e3o em L\u00edngua, Literatura e Cul [&hellip;]<\/p>\n","protected":false},"author":6,"featured_media":143662,"comment_status":"closed","ping_status":"open","sticky":false,"template":"","format":"standard","meta":{"_acf_changed":false,"_gspb_post_css":"#gspb_button-id-gsbp-c785155{display:flex;justify-content:flex-start}#gspb_button-id-gsbp-c785155 .gspb-buttonbox-text{display:flex;flex-direction:column}#gspb_button-id-gsbp-c785155>.gspb-buttonbox{box-sizing:border-box}","footnotes":""},"categories":[426,245],"tags":[981],"class_list":["post-143630","post","type-post","status-publish","format-standard","has-post-thumbnail","hentry","category-information","category-event","tag-newsletter"],"blocksy_meta":[],"acf":[],"_links":{"self":[{"href":"https:\/\/cenb.org.br\/pt\/wp-json\/wp\/v2\/posts\/143630","targetHints":{"allow":["GET"]}}],"collection":[{"href":"https:\/\/cenb.org.br\/pt\/wp-json\/wp\/v2\/posts"}],"about":[{"href":"https:\/\/cenb.org.br\/pt\/wp-json\/wp\/v2\/types\/post"}],"author":[{"embeddable":true,"href":"https:\/\/cenb.org.br\/pt\/wp-json\/wp\/v2\/users\/6"}],"replies":[{"embeddable":true,"href":"https:\/\/cenb.org.br\/pt\/wp-json\/wp\/v2\/comments?post=143630"}],"version-history":[{"count":3,"href":"https:\/\/cenb.org.br\/pt\/wp-json\/wp\/v2\/posts\/143630\/revisions"}],"predecessor-version":[{"id":146510,"href":"https:\/\/cenb.org.br\/pt\/wp-json\/wp\/v2\/posts\/143630\/revisions\/146510"}],"wp:featuredmedia":[{"embeddable":true,"href":"https:\/\/cenb.org.br\/pt\/wp-json\/wp\/v2\/media\/143662"}],"wp:attachment":[{"href":"https:\/\/cenb.org.br\/pt\/wp-json\/wp\/v2\/media?parent=143630"}],"wp:term":[{"taxonomy":"category","embeddable":true,"href":"https:\/\/cenb.org.br\/pt\/wp-json\/wp\/v2\/categories?post=143630"},{"taxonomy":"post_tag","embeddable":true,"href":"https:\/\/cenb.org.br\/pt\/wp-json\/wp\/v2\/tags?post=143630"}],"curies":[{"name":"wp","href":"https:\/\/api.w.org\/{rel}","templated":true}]}}