{"id":18665,"date":"2009-05-11T16:44:04","date_gmt":"2009-05-11T16:44:04","guid":{"rendered":"https:\/\/dev.cenb.org.br\/?p=18665"},"modified":"2025-04-07T15:17:27","modified_gmt":"2025-04-07T15:17:27","slug":"20090511","status":"publish","type":"post","link":"https:\/\/cenb.org.br\/pt\/information\/20090511\/","title":{"rendered":"\u82e5\u624b\u7814\u7a76\u54e1\u80b2\u6210\u306e\u305f\u3081\u306e\u5968\u5b66\u5236\u5ea6"},"content":{"rendered":"<p><\/p>\n\n\n\n<p>\u5c06\u6765\u3078\u306e\u65b0\u3057\u3044\u7814\u7a76\u8005\u306e\u80b2\u6210\u3092\u76ee\u6307\u3057\u3001\u5f53\u7814\u7a76\u6240\u306f\u5968\u5b66\u5236\u5ea6\u3092\u65b0\u8a2d\u3057\u307e\u3057\u305f\u3002\u5968\u5b66\u5236\u5ea6\u3092\u53d7\u3051\u308b\u3053\u3068\u3092\u5e0c\u671b\u3055\u308c\u308b\u65b9\u306f\u307e\u305a\u3001\u5f53\u7814\u7a76\u6240\u306b\u3042\u308b\u7533\u8fbc\u307f\u7528\u7d19\u3092\u8a18\u5165\u3057\u3001\u5c65\u6b74\u66f8\u3068FAPESP\u306e\u5b9a\u5f0f\u306b\u57fa\u3065\u3044\u305f15\u30da\u30fc\u30b8\u307b\u3069\u306e\u8a08\u753b\u66f8\u3092\u5f53\u7814\u7a76\u6240\u306e\u65b9\u3078\u63d0\u51fa\u3057\u3066\u4e0b\u3055\u3044\u3002\u7814\u7a76\u30c6\u30fc\u30de\u306f\u2460\u30d6\u30e9\u30b8\u30eb\u65e5\u672c\u79fb\u6c11\u7814\u7a76\u3001\u3042\u308b\u3044\u306f\u2461\u65e5\u4f2f\u4ea4\u6d41\u7814\u7a76\u306e\u3044\u305a\u308c\u304b\u306b\u306a\u308a\u307e\u3059\u3002\u305d\u306e\u5f8c\u3001\u9762\u63a5\u304c\u8a08\u753b\u3055\u308c\u307e\u3059\u3002<\/p>\n\n\n\n<p>\u73fe\u5728\u306e\u3068\u3053\u308d\u30014\uff5e5\u540d\u306e\u5968\u5b66\u751f\u304c\u52df\u96c6\u3055\u308c\u3066\u3044\u307e\u3059\u3002\u305d\u306e\u3046\u30611\u540d\u306f\u3001\u8fb2\u696d\u95a2\u4fc2\u306e\u7814\u7a76\u8005\u304c\u9078\u3070\u308c\u307e\u3059\u3002\u5968\u5b66\u91d1\u306f\u3072\u3068\u6708\u3042\u305f\u308a\u6700\u4f4e\u7d66\u4e0e\u304c\u652f\u7d66\u3055\u308c\u307e\u3059\u3002\u7533\u8fbc\u307f\u306e\u671f\u9650\u306f\u30015\u670815\u65e5\u3088\u308a6\u670815\u65e5\u307e\u3067\u3067\u3059\u3002\u5968\u5b66\u751f\u306e\u9078\u8003\u306f6\u6708\u4e2d\u306b\u884c\u308f\u308c\u307e\u3059\u3002<\/p>\n\n\n\n<p>\u5968\u5b66\u5236\u5ea6\u3078\u306e\u7533\u8fbc\u307f\u306b\u306f\u3001\u6b21\u306e\u6761\u4ef6\u304c\u6e80\u305f\u3055\u308c\u3066\u3044\u306a\u3051\u308c\u3070\u306a\u308a\u307e\u305b\u3093\u3002<\/p>\n\n\n\n<p>\u2460\u5927\u5b66\u5728\u5b66\u4e2d\u3067\u3042\u308b\u3053\u3068<br>\u2461\u5927\u5b66\uff12\u5e74\u751f\u4ee5\u4e0a\u3067\u3042\u308b\u3053\u3068<br>\u2462\u30dd\u30eb\u30c8\u30ac\u30eb\u8a9e\u3067\u306e\u8aad\u307f\u66f8\u304d\u30fb\u4f1a\u8a71\u304c\u6d41\u66a2\u306b\u51fa\u6765\u308b\u3053\u3068\uff08\u7814\u7a76\u30c6\u30fc\u30de\u306b\u3088\u3063\u3066\u306f\u3001\u65e5\u672c\u8a9e\u306e\u80fd\u529b\u3082\u5fc5\u8981\u3068\u3055\u308c\u307e\u3059\uff09<\/p>\n\n\n\n<p><\/p>\n\n\n\n<p class=\"has-x-large-font-size\"><strong>In\u00edcio do recrutamento para o programa de bolsas<\/strong><\/p>\n\n\n\n<p>Tendo em vista a necessidade da forma\u00e7\u00e3o de novos pesquisadores, o Centro de Estudos Nipo-Brasileiros est\u00e1 agora a inaugurar um programa de bolsas de estudo. Os interessados dever\u00e3o preencher uma ficha de inscri\u00e7\u00e3o e, em seguida, deixar aos cuidados da institui\u00e7\u00e3o seu hist\u00f3rico escolar e um projeto de pesquisa de aproximadamente 15 p\u00e1ginas, nos moldes da FAPESP. O tema da pesquisa dever\u00e1, necessariamente, encaixar-se em uma das categorias seguintes: 1-) estudos sobre a imigra\u00e7\u00e3o japonesa no Brasil e a comunidade nikkei, ou 2-) estudos sobre as rela\u00e7\u00f5es bilaterais Jap\u00e3o-Brasil. Isso feito, o candidato dever\u00e1 participar de uma entrevista, a ser realizada na sede da institui\u00e7\u00e3o.<\/p>\n\n\n\n<p>O n\u00famero de vagas dispon\u00edveis \u00e9 de 4 a 5 vagas, no presente momento \u2014 com a condi\u00e7\u00e3o de que um dos bolsistas escolha um tema relacionado a agricultura. O valor da bolsa \u00e9 de um sal\u00e1rio m\u00ednimo por m\u00eas. As inscri\u00e7\u00f5es estar\u00e3o abertas do dia 15 de maio at\u00e9 o dia 15 do m\u00eas seguinte, e dever\u00e3o ser feitas na sede da institui\u00e7\u00e3o. Os bolsistas ser\u00e3o escolhidos at\u00e9 o fim do m\u00eas de junho.<\/p>\n\n\n\n<p>Para inscrever-se no programa de bolsas, \u00e9 necess\u00e1rio preencher os seguintes requisitos: estar matriculado em uma institui\u00e7\u00e3o de ensino superior; ter conclu\u00eddo o segundo semestre de faculdade; e expressar-se fluentemente no idioma portugu\u00eas e, conforme o tema da pesquisa, tamb\u00e9m no idioma japon\u00eas.<\/p>","protected":false},"excerpt":{"rendered":"<p>\u5c06\u6765\u3078\u306e\u65b0\u3057\u3044\u7814\u7a76\u8005\u306e\u80b2\u6210\u3092\u76ee\u6307\u3057\u3001\u5f53\u7814\u7a76\u6240\u306f\u5968\u5b66\u5236\u5ea6\u3092\u65b0\u8a2d\u3057\u307e\u3057\u305f\u3002\u5968\u5b66\u5236\u5ea6\u3092\u53d7\u3051\u308b\u3053\u3068\u3092\u5e0c\u671b\u3055\u308c\u308b\u65b9\u306f\u307e\u305a [&hellip;]<\/p>\n","protected":false},"author":1,"featured_media":0,"comment_status":"open","ping_status":"open","sticky":false,"template":"","format":"standard","meta":{"_acf_changed":false,"_gspb_post_css":"","footnotes":""},"categories":[426],"tags":[451],"class_list":["post-18665","post","type-post","status-publish","format-standard","hentry","category-information","tag-451"],"blocksy_meta":[],"acf":[],"_links":{"self":[{"href":"https:\/\/cenb.org.br\/pt\/wp-json\/wp\/v2\/posts\/18665","targetHints":{"allow":["GET"]}}],"collection":[{"href":"https:\/\/cenb.org.br\/pt\/wp-json\/wp\/v2\/posts"}],"about":[{"href":"https:\/\/cenb.org.br\/pt\/wp-json\/wp\/v2\/types\/post"}],"author":[{"embeddable":true,"href":"https:\/\/cenb.org.br\/pt\/wp-json\/wp\/v2\/users\/1"}],"replies":[{"embeddable":true,"href":"https:\/\/cenb.org.br\/pt\/wp-json\/wp\/v2\/comments?post=18665"}],"version-history":[{"count":1,"href":"https:\/\/cenb.org.br\/pt\/wp-json\/wp\/v2\/posts\/18665\/revisions"}],"predecessor-version":[{"id":18668,"href":"https:\/\/cenb.org.br\/pt\/wp-json\/wp\/v2\/posts\/18665\/revisions\/18668"}],"wp:attachment":[{"href":"https:\/\/cenb.org.br\/pt\/wp-json\/wp\/v2\/media?parent=18665"}],"wp:term":[{"taxonomy":"category","embeddable":true,"href":"https:\/\/cenb.org.br\/pt\/wp-json\/wp\/v2\/categories?post=18665"},{"taxonomy":"post_tag","embeddable":true,"href":"https:\/\/cenb.org.br\/pt\/wp-json\/wp\/v2\/tags?post=18665"}],"curies":[{"name":"wp","href":"https:\/\/api.w.org\/{rel}","templated":true}]}}