{"id":18810,"date":"2011-06-11T17:40:54","date_gmt":"2011-06-11T17:40:54","guid":{"rendered":"https:\/\/dev.cenb.org.br\/?p=18810"},"modified":"2025-04-07T15:27:08","modified_gmt":"2025-04-07T15:27:08","slug":"20110611","status":"publish","type":"post","link":"https:\/\/cenb.org.br\/pt\/information\/20110611\/","title":{"rendered":"\u7814\u7a76\u4f8b\u4f1a\u306e\u304a\u77e5\u3089\u305b\uff1a\u300e\u65e5\u7cfb\u30b8\u30e3\u30fc\u30ca\u30ea\u30b9\u30c8\u304b\u3089\u898b\u305f\u65e5\u7cfb\u793e\u4f1a\u300f\u3000\u3000\u3000Semin\u00e1rio de pesquisa: A col\u00f4nia nipo-brasileira vista atrav\u00e9s dos olhos de um jornalista nisei"},"content":{"rendered":"<p><\/p>\n\n\n\n<p>\u5f53\u7814\u7a76\u6240\u306e\u672c\u5e74\u7b2c2\u56de\u306e\u7814\u7a76\u4f8b\u4f1a\u3092\u4e0b\u8a18\u306e\u8981\u9818\u306b\u3066\u958b\u50ac\u3044\u305f\u3057\u307e\u3059\u3002<\/p>\n\n\n\n<p>\u4eca\u56de\u306f\u3001\u5f93\u6765\u306e\u8da3\u5411\u3092\u5909\u3048\u3066\u3001\u30d6\u30e9\u30b8\u30eb\u306e\u65b0\u805e\u754c\u3067\u6d3b\u8e8d\u3057\u3066\u3044\u308b\u65e5\u7cfb\u4eba\u30b8\u30e3\u30fc\u30ca\u30ea\u30b9\u30c8\u3092\u304a\u62db\u304d\u3057\u3001\u5916\u304b\u3089\u898b\u305f\u65e5\u7cfb\u793e\u4f1a\u306b\u3064\u3044\u3066\u5fcc\u619a\u306e\u306a\u3044\u3054\u610f\u898b\u3092\u4f3a\u3046\u3053\u3068\u306b\u3044\u305f\u3057\u307e\u3057\u305f\u3002\u65b0\u3057\u3044\u767a\u60f3\u3068\u8996\u70b9\u306b\u57fa\u3065\u304f\u30e6\u30cb\u30fc\u30af\u306a\u5bfe\u30b3\u30ed\u30cb\u30a2\u89b3\u304c\u4f3a\u3048\u308b\u304b\u3068\u671f\u5f85\u3057\u3066\u3044\u307e\u3059\u3002<\/p>\n\n\n\n<p>\u306a\u304a\u3001\u8b1b\u6f14\u306f\u30dd\u8a9e\u306b\u3088\u3063\u3066\u884c\u308f\u308c\u307e\u3059\u304c\u3001\u901a\u8a33\u304c\u3064\u304d\u307e\u3059\u3002<\/p>\n\n\n\n<p><strong>\u65e5\u6642<\/strong>\u3000\u30006\u6708\uff12\uff10\u65e5\uff08\u6708\uff09\uff11\uff18\u6642\uff13\uff10\u5206\u3088\u308a<\/p>\n\n\n\n<p><strong>\u5834\u6240<\/strong>\u3000\u3000\u6587\u5354\u30d3\u30eb\uff11\u968e\u3000\u5c0f\u4f1a\u8b70\u5ba4<\/p>\n\n\n\n<p><strong>\u767a\u8868\u8005<\/strong>\u3000\u4fdd\u4e45\u539f\u3000\u6df3\u6b21\u6c0f\u3000\uff08\u30aa\u30fb\u30a8\u30b9\u30bf\u30fc\u30c9\u7d19\u8ad6\u8aac\u59d4\u54e1\uff09<\/p>\n\n\n\n<p><strong>\u30c6\u30fc\u30de<\/strong>\u3000\u300c\u65e5\u7cfb\u30b8\u30e3\u30fc\u30ca\u30ea\u30b9\u30c8\u304b\u3089\u898b\u305f\u65e5\u7cfb\u793e\u4f1a\u300d<\/p>\n\n\n\n<p><\/p>\n\n\n\n<p>Ser\u00e1 realizado por nossa entidade o segundo semin\u00e1rio de pesquisa neste ano.<\/p>\n\n\n\n<p>Fugindo desta vez \u00e0 regra, convidamos para ministrar a presente confer\u00eancia o jornalista Jorge J. Okubaro, na condi\u00e7\u00e3o de representante da m\u00eddia impressa brasileira, e, portanto, capaz de oferecer uma opini\u00e3o sincera e franca, a partir de um ponto de vista original e inusitado \u2014 tanto quanto exterior \u00e0 nossa realidade \u2014, a respeito da assim chamada \u00abcol\u00f4nia nipo-brasileira\u00bb.<\/p>\n\n\n\n<p><strong>Data\/hora:<\/strong>&nbsp;20 de junho de 2011 (segunda-feira), \u00e0s 18h30<\/p>\n\n\n\n<p><strong>Local:<\/strong>&nbsp;Edif\u00edcio Bunky\u014d, 1.\u00ba andar, sala 13 (pequena sala de confer\u00eancias)<\/p>\n\n\n\n<p><strong>Conferencista:<\/strong>&nbsp;Jorge J. Okubaro (editorialista do Grupo Estado)<\/p>\n\n\n\n<p><strong>Tema:<\/strong>&nbsp;\u00abA col\u00f4nia nipo-brasileira vista atrav\u00e9s dos olhos de um jornalista nisei\u00bb<\/p>\n\n\n\n<p>(nota: a confer\u00eancia ser\u00e1 realizada no idioma portugu\u00eas, com a presen\u00e7a de um int\u00e9rprete).<\/p>\n\n\n\n<p><\/p>","protected":false},"excerpt":{"rendered":"<p>\u5f53\u7814\u7a76\u6240\u306e\u672c\u5e74\u7b2c2\u56de\u306e\u7814\u7a76\u4f8b\u4f1a\u3092\u4e0b\u8a18\u306e\u8981\u9818\u306b\u3066\u958b\u50ac\u3044\u305f\u3057\u307e\u3059\u3002 \u4eca\u56de\u306f\u3001\u5f93\u6765\u306e\u8da3\u5411\u3092\u5909\u3048\u3066\u3001\u30d6\u30e9\u30b8\u30eb\u306e\u65b0\u805e\u754c\u3067 [&hellip;]<\/p>\n","protected":false},"author":1,"featured_media":0,"comment_status":"open","ping_status":"open","sticky":false,"template":"","format":"standard","meta":{"_acf_changed":false,"_gspb_post_css":"","footnotes":""},"categories":[426],"tags":[],"class_list":["post-18810","post","type-post","status-publish","format-standard","hentry","category-information"],"blocksy_meta":[],"acf":[],"_links":{"self":[{"href":"https:\/\/cenb.org.br\/pt\/wp-json\/wp\/v2\/posts\/18810","targetHints":{"allow":["GET"]}}],"collection":[{"href":"https:\/\/cenb.org.br\/pt\/wp-json\/wp\/v2\/posts"}],"about":[{"href":"https:\/\/cenb.org.br\/pt\/wp-json\/wp\/v2\/types\/post"}],"author":[{"embeddable":true,"href":"https:\/\/cenb.org.br\/pt\/wp-json\/wp\/v2\/users\/1"}],"replies":[{"embeddable":true,"href":"https:\/\/cenb.org.br\/pt\/wp-json\/wp\/v2\/comments?post=18810"}],"version-history":[{"count":1,"href":"https:\/\/cenb.org.br\/pt\/wp-json\/wp\/v2\/posts\/18810\/revisions"}],"predecessor-version":[{"id":18811,"href":"https:\/\/cenb.org.br\/pt\/wp-json\/wp\/v2\/posts\/18810\/revisions\/18811"}],"wp:attachment":[{"href":"https:\/\/cenb.org.br\/pt\/wp-json\/wp\/v2\/media?parent=18810"}],"wp:term":[{"taxonomy":"category","embeddable":true,"href":"https:\/\/cenb.org.br\/pt\/wp-json\/wp\/v2\/categories?post=18810"},{"taxonomy":"post_tag","embeddable":true,"href":"https:\/\/cenb.org.br\/pt\/wp-json\/wp\/v2\/tags?post=18810"}],"curies":[{"name":"wp","href":"https:\/\/api.w.org\/{rel}","templated":true}]}}