{"id":18956,"date":"2016-02-12T19:42:21","date_gmt":"2016-02-12T19:42:21","guid":{"rendered":"https:\/\/dev.cenb.org.br\/?p=18956"},"modified":"2025-04-07T16:04:56","modified_gmt":"2025-04-07T16:04:56","slug":"20160212","status":"publish","type":"post","link":"https:\/\/cenb.org.br\/pt\/event\/20160212\/","title":{"rendered":"\u30bb\u30df\u30ca\u30fc\u300e\u65e5\u4f2f\u4ea4\u6d41\u306e\u5c55\u671b\u2015\u7d4c\u6e08\u3001\u79d1\u5b66\u3001\u6587\u5316\u8af8\u9762\u306b\u304a\u3051\u308b\u95a2\u4fc2\u306e\u904e\u53bb\u3001\u73fe\u5728\u305d\u3057\u3066\u5c06\u6765\uff08\u30dd\u8a9e\uff09\u300f\u958b\u50ac\u306e\u304a\u77e5\u3089\u305b  Semin\u00e1rio: &#8220;Interc\u00e2mbio Brasil-Jap\u00e3o em Perspectiva&#8221;"},"content":{"rendered":"<p><\/p>\n\n\n\n<p>\u5f53\u7814\u7a76\u6240\u3067\u306f\u3001FIESP\uff08\u30b5\u30f3\u30d1\u30a6\u30ed\u5dde\u5de5\u696d\u9023\u76df\uff09\u3068\u306e\u5171\u50ac\u3067\u300eInterc\u00e2mbio Brasil-Jap\u00e3o em Perspectiva &#8211; Passado, Presente e Futuro das Rela\u00e7\u00f5es Econ\u00f4micas, Cient\u00edficas e Culturais\u300f\uff08\u65e5\u4f2f\u4ea4\u6d41\u306e\u5c55\u671b\u2015\u7d4c\u6e08\u3001\u79d1\u5b66\u3001\u6587\u5316\u8af8\u9762\u306b\u304a\u3051\u308b\u95a2\u4fc2\u306e\u904e\u53bb\u3001\u73fe\u5728\u305d\u3057\u3066\u5c06\u6765\u3001\u5f8c\u63f4\uff1a\u5728\u30b5\u30f3\u30d1\u30a6\u30ed\u65e5\u672c\u7dcf\u9818\u4e8b\u9928\uff09\u3068\u984c\u3059\u308b\u30bb\u30df\u30ca\u30fc\u3092\u958b\u50ac\u3044\u305f\u3057\u307e\u3059\u3002<\/p>\n\n\n\n<p>\u5165\u5834\u306f\u7121\u6599\u3067\u3059\u304c\u3001\u524d\u3082\u3063\u3066\u7533\u3057\u8fbc\u307f\u3092\u3057\u3066\u3044\u305f\u3060\u304f\u5fc5\u8981\u304c\u3054\u3056\u3044\u307e\u3059\u3002<\/p>\n\n\n\n<p>\u7533\u3057\u8fbc\u307f\u30d5\u30a9\u30fc\u30e0\u306f<a href=\"https:\/\/goo.gl\/forms\/u3H2eRFH7d\" target=\"_blank\" rel=\"noopener\">\u00a0Clique aqui&nbsp;<\/a>\uff08\u7533\u3057\u8fbc\u307f\u671f\u9650\uff1a2\u670818\u65e5\u5348\u5f8c4\u6642\uff09<\/p>\n\n\n\n<p>\u7686\u69d8\u306e\u304a\u8d8a\u3057\u3092\u304a\u5f85\u3061\u3057\u3066\u304a\u308a\u307e\u3059\u3002<\/p>\n\n\n\n<p><strong>\u30bb\u30df\u30ca\u30fc<\/strong><br><strong>\u300eInterc\u00e2mbio Brasil-Jap\u00e3o em Perspectiva &#8211; Passado, Presente e Futuro das Rela\u00e7\u00f5es Econ\u00f4micas, Cient\u00edficas e Culturais\u300f<\/strong><\/p>\n\n\n\n<p>\u65e5\u6642\u3000\uff12\uff10\uff11\uff16\u5e74\uff12\u6708\uff12\uff12\u65e5\uff08\u91d1\uff09\u5348\u524d\uff19\u6642\u3088\u308a\u5348\u5f8c\uff16\u6642\u307e\u3067<br>\u5834\u6240\u3000FIESP\u672c\u90e8\u3000Av. Paulista, 1313, S\u00e3o Paulo<br>\u30d7\u30ed\u30b0\u30e9\u30e0\u3000<a href=\"https:\/\/www.fiesp.com.br\/agenda\/seminario-intercambio-brasil-japao-em-perspectiva\/\" target=\"_blank\" rel=\"noopener\">FIESP\u306e\u30b5\u30a4\u30c8<\/a>\u3000\u30dd\u30eb\u30c8\u30ac\u30eb\u8a9e\u306e\u307f\u3002\u901a\u8a33\u306f\u4e88\u5b9a\u3057\u3066\u304a\u308a\u307e\u305b\u3093\u3002<\/p>\n\n\n\n<p><\/p>\n\n\n\n<p>A presente entidade, em parceria com a FIESP, realizar\u00e1 o semin\u00e1rio &#8220;Interc\u00e2mbio Brasil-Jap\u00e3o em Perspectiva: Passado, Presente e Futuro das Rela\u00e7\u00f5es Econ\u00f4micas, Cient\u00edficas e Culturais&#8221; (Apoio: Consulado Geral do Jap\u00e3o em S\u00e3o Paulo).<\/p>\n\n\n\n<p>A entrada \u00e9 franca, mas \u00e9 necess\u00e1rio fazer a inscri\u00e7\u00e3o previamente. (<a href=\"https:\/\/goo.gl\/forms\/u3H2eRFH7d\" target=\"_blank\" rel=\"noopener\">clique aqui<\/a>)<\/p>\n\n\n\n<p>Contamos com a presen\u00e7a de todos.<\/p>\n\n\n\n<p><strong>Semin\u00e1rio: &#8220;Interc\u00e2mbio Brasil-Jap\u00e3o em Perspectiva: Passado, Presente e Futuro das Rela\u00e7\u00f5es Econ\u00f4micas, Cient\u00edficas e Culturais&#8221;<\/strong><\/p>\n\n\n\n<p>DATA E HORA:&nbsp;22 de fevereiro de 2016, das 9h \u00e0s 18h<br>LOCAL:&nbsp;FIESP &#8211; sede (Av. Paulista, 1313, S\u00e3o Paulo, SP)<br>REALIZA\u00c7\u00c3O:&nbsp;FIESP, Centro de Estudos Nipo-Brasileiros<br>APOIO:&nbsp;Consulado Geral do Jap\u00e3o em S\u00e3o Paulo<br>PROGRAMA\u00c7\u00c3O:&nbsp;<a href=\"https:\/\/www.fiesp.com.br\/agenda\/seminario-intercambio-brasil-japao-em-perspectiva\/\" target=\"_blank\" rel=\"noopener\">clique aqui<\/a><\/p>","protected":false},"excerpt":{"rendered":"<p>\u5f53\u7814\u7a76\u6240\u3067\u306f\u3001FIESP\uff08\u30b5\u30f3\u30d1\u30a6\u30ed\u5dde\u5de5\u696d\u9023\u76df\uff09\u3068\u306e\u5171\u50ac\u3067\u300eInterc\u00e2mbio Brasil-Jap\u00e3o  [&hellip;]<\/p>\n","protected":false},"author":1,"featured_media":0,"comment_status":"open","ping_status":"open","sticky":false,"template":"","format":"standard","meta":{"_acf_changed":false,"_gspb_post_css":"","footnotes":""},"categories":[245,426],"tags":[970],"class_list":["post-18956","post","type-post","status-publish","format-standard","hentry","category-event","category-information","tag-970"],"blocksy_meta":[],"acf":[],"_links":{"self":[{"href":"https:\/\/cenb.org.br\/pt\/wp-json\/wp\/v2\/posts\/18956","targetHints":{"allow":["GET"]}}],"collection":[{"href":"https:\/\/cenb.org.br\/pt\/wp-json\/wp\/v2\/posts"}],"about":[{"href":"https:\/\/cenb.org.br\/pt\/wp-json\/wp\/v2\/types\/post"}],"author":[{"embeddable":true,"href":"https:\/\/cenb.org.br\/pt\/wp-json\/wp\/v2\/users\/1"}],"replies":[{"embeddable":true,"href":"https:\/\/cenb.org.br\/pt\/wp-json\/wp\/v2\/comments?post=18956"}],"version-history":[{"count":2,"href":"https:\/\/cenb.org.br\/pt\/wp-json\/wp\/v2\/posts\/18956\/revisions"}],"predecessor-version":[{"id":18958,"href":"https:\/\/cenb.org.br\/pt\/wp-json\/wp\/v2\/posts\/18956\/revisions\/18958"}],"wp:attachment":[{"href":"https:\/\/cenb.org.br\/pt\/wp-json\/wp\/v2\/media?parent=18956"}],"wp:term":[{"taxonomy":"category","embeddable":true,"href":"https:\/\/cenb.org.br\/pt\/wp-json\/wp\/v2\/categories?post=18956"},{"taxonomy":"post_tag","embeddable":true,"href":"https:\/\/cenb.org.br\/pt\/wp-json\/wp\/v2\/tags?post=18956"}],"curies":[{"name":"wp","href":"https:\/\/api.w.org\/{rel}","templated":true}]}}