{"id":19085,"date":"2018-11-21T17:10:38","date_gmt":"2018-11-21T17:10:38","guid":{"rendered":"https:\/\/dev.cenb.org.br\/?p=19085"},"modified":"2025-04-07T16:10:23","modified_gmt":"2025-04-07T16:10:23","slug":"20181121","status":"publish","type":"post","link":"https:\/\/cenb.org.br\/pt\/event\/20181121\/","title":{"rendered":"Palestra: A situa\u00e7\u00e3o Atual das Comunidades Japonesas no Brasil \u2013 Um pa\u00eds de Sociedade Mutlicultural"},"content":{"rendered":"<p><\/p>\n\n\n\n<figure class=\"wp-block-image\"><img loading=\"lazy\" decoding=\"async\" width=\"489\" height=\"366\" src=\"https:\/\/cenb.org.br\/wp-content\/uploads\/2018\/11\/kaikans.jpg\" alt=\"\" class=\"wp-image-19500\" srcset=\"https:\/\/cenb.org.br\/wp-content\/uploads\/2018\/11\/kaikans.jpg 489w, https:\/\/cenb.org.br\/wp-content\/uploads\/2018\/11\/kaikans-300x225.jpg 300w, https:\/\/cenb.org.br\/wp-content\/uploads\/2018\/11\/kaikans-16x12.jpg 16w, https:\/\/cenb.org.br\/wp-content\/uploads\/2018\/11\/kaikans-205x153.jpg 205w, https:\/\/cenb.org.br\/wp-content\/uploads\/2018\/11\/kaikans-480x359.jpg 480w\" sizes=\"auto, (max-width: 489px) 100vw, 489px\" \/><\/figure>\n\n\n\n<p>\u5f53\u7814\u7a76\u6240\u3067\u306f\u5275\u7acb50\u5468\u5e74\u8a18\u5ff5\u4e8b\u696d\u306e\u4e00\u3064\u3068\u3057\u3066\u30d6\u30e9\u30b8\u30eb\u65e5\u7cfb\u56e3\u4f53\u8abf\u67fb\u30922016\u5e74\u3088\u308a\u884c\u306a\u3063\u3066\u307e\u3044\u308a\u307e\u3057\u305f\u3002\u305d\u3057\u3066\u3001\u3053\u3053\u306b\u7b2c\u4e00\u6b21\u7d50\u679c\u96c6\u8a08\u304c\u307e\u3068\u307e\u308a\u307e\u3057\u305f\u3053\u3068\u3092\u304a\u77e5\u3089\u305b\u3059\u308b\u3068\u5171\u306b\u7686\u69d8\u306e\u3054\u5354\u529b\u306b\u611f\u8b1d\u3092\u304a\u4f1d\u3048\u3044\u305f\u3057\u307e\u3059\u3002<br><br>\u3053\u306e\u7d50\u679c\u3092\u7686\u69d8\u306b\u767a\u8868\u3092\u3059\u308b\u305f\u3081\u3001\u5728\u30b5\u30f3\u30d1\u30a6\u30ed\u65e5\u672c\u56fd\u7dcf\u9818\u4e8b\u9928\u3068\u5171\u50ac\u306b\u3066\u5831\u544a\u4f1a\u3092\u8a08\u753b\u3044\u305f\u3057\u307e\u3057\u305f\u3002\u7686\u69d8\u306e\u3054\u51fa\u5e2d\u3092\u9802\u3051\u307e\u3057\u305f\u3089\u5149\u6804\u3067\u3059\u3002<br><br>\u306a\u304a\u3001\u4f1a\u5834\u306e\u90fd\u5408\u306b\u3088\u308a\u4eba\u6570\u306b\u5236\u9650\u304c\u3054\u3056\u3044\u307e\u3059\u306e\u3067\u3001\u3054\u51fa\u5e2d\u5e0c\u671b\u306e\u65b9\u306f\u524d\u3082\u3063\u3066 pesquisanikkei@gmail.com \u307e\u3067\u304a\u8fd4\u4e8b\u304f\u3060\u3055\u3044\u3002<br><br><br><strong>\u300c\u65e5\u7cfb\u56e3\u4f53\u8abf\u67fb\u300d\u7d50\u679c\u5831\u544a\u4f1a<\/strong><br>\u65e5\u6642\uff1a2018\u5e7411\u670828\u65e5\uff08\u6c34\uff09\u5348\u5f8c7\u6642\u3088\u308a<br>\u5834\u6240\uff1aJAPAN HOUSE S\u00e3o Paulo<br>\u3000\u3000\u3000Av. Paulista, 52 &#8211; Bela Vista &#8211; S\u00e3o Paulo, SP<\/p>\n\n\n\n<p><\/p>\n\n\n\n<p>Temos o prazer em convidar V. Sas. a prestigiarem a palestra&nbsp;<strong>&#8220;A situa\u00e7\u00e3o Atual das Comunidades Japonesas no Brasil &#8211; Um pa\u00eds de Sociedade Multicultural&#8221;<\/strong>&nbsp;que ocorrer\u00e1 no dia 28 de novembro, \u00e0s 19:00 horas no Japan House S\u00e3o Paulo. Endere\u00e7o: Av. Paulista 52, Bela Vista, S\u00e3o Paulo CEP 01310-000.<\/p>\n\n\n\n<p>O projeto em comemora\u00e7\u00e3o aos 110 anos da Imigra\u00e7\u00e3o Japonesa no Brasil \u00e9 uma parceria do Centro de Estudos Nipo-Brasileiros com o Consulado Geral do Jap\u00e3o em S\u00e3o Paulo.<\/p>\n\n\n\n<p>Aproveitamos para agradecer imensamente a todos pelo apoio e contribui\u00e7\u00e3o para a realiza\u00e7\u00e3o deste projeto que se iniciou em 2016 e encerrou sua primeira fase em 2018.<\/p>\n\n\n\n<p>N\u00e3o percam, as vagas s\u00e3o limitadas e solicitamos a confirma\u00e7\u00e3o de sua presen\u00e7a at\u00e9 o dia 27 de novembro no e-mail: pesquisanikkei@gmail.com.<\/p>","protected":false},"excerpt":{"rendered":"<p>\u5f53\u7814\u7a76\u6240\u3067\u306f\u5275\u7acb50\u5468\u5e74\u8a18\u5ff5\u4e8b\u696d\u306e\u4e00\u3064\u3068\u3057\u3066\u30d6\u30e9\u30b8\u30eb\u65e5\u7cfb\u56e3\u4f53\u8abf\u67fb\u30922016\u5e74\u3088\u308a\u884c\u306a\u3063\u3066\u307e\u3044\u308a\u307e\u3057\u305f\u3002\u305d\u3057\u3066\u3001 [&hellip;]<\/p>\n","protected":false},"author":1,"featured_media":19500,"comment_status":"open","ping_status":"open","sticky":false,"template":"","format":"standard","meta":{"_acf_changed":false,"_gspb_post_css":"","footnotes":""},"categories":[245,426],"tags":[970],"class_list":["post-19085","post","type-post","status-publish","format-standard","has-post-thumbnail","hentry","category-event","category-information","tag-970"],"blocksy_meta":[],"acf":[],"_links":{"self":[{"href":"https:\/\/cenb.org.br\/pt\/wp-json\/wp\/v2\/posts\/19085","targetHints":{"allow":["GET"]}}],"collection":[{"href":"https:\/\/cenb.org.br\/pt\/wp-json\/wp\/v2\/posts"}],"about":[{"href":"https:\/\/cenb.org.br\/pt\/wp-json\/wp\/v2\/types\/post"}],"author":[{"embeddable":true,"href":"https:\/\/cenb.org.br\/pt\/wp-json\/wp\/v2\/users\/1"}],"replies":[{"embeddable":true,"href":"https:\/\/cenb.org.br\/pt\/wp-json\/wp\/v2\/comments?post=19085"}],"version-history":[{"count":2,"href":"https:\/\/cenb.org.br\/pt\/wp-json\/wp\/v2\/posts\/19085\/revisions"}],"predecessor-version":[{"id":19501,"href":"https:\/\/cenb.org.br\/pt\/wp-json\/wp\/v2\/posts\/19085\/revisions\/19501"}],"wp:featuredmedia":[{"embeddable":true,"href":"https:\/\/cenb.org.br\/pt\/wp-json\/wp\/v2\/media\/19500"}],"wp:attachment":[{"href":"https:\/\/cenb.org.br\/pt\/wp-json\/wp\/v2\/media?parent=19085"}],"wp:term":[{"taxonomy":"category","embeddable":true,"href":"https:\/\/cenb.org.br\/pt\/wp-json\/wp\/v2\/categories?post=19085"},{"taxonomy":"post_tag","embeddable":true,"href":"https:\/\/cenb.org.br\/pt\/wp-json\/wp\/v2\/tags?post=19085"}],"curies":[{"name":"wp","href":"https:\/\/api.w.org\/{rel}","templated":true}]}}